{"id":1699,"date":"2023-02-16T18:00:11","date_gmt":"2023-02-16T21:00:11","guid":{"rendered":"https:\/\/isfd87-bue.infd.edu.ar\/sitio\/?p=1699"},"modified":"2023-02-16T18:00:12","modified_gmt":"2023-02-16T21:00:12","slug":"proyecto-de-investigacion","status":"publish","type":"post","link":"https:\/\/isfd87-bue.infd.edu.ar\/sitio\/proyecto-de-investigacion\/","title":{"rendered":"Proyecto de Investigaci\u00f3n"},"content":{"rendered":"\n<p>\u00a0<strong>Propuestas e intervenciones de docentes de los niveles inicial y primaria para garantizar la continuidad pedag\u00f3gica en el \u00e1mbito rural durante el aislamiento social. El caso del proyecto \u201cEscuelas del aire\u201d desarrollado en Ayacucho durante el 2020<\/strong><\/p>\n\n\n\n<p>El proyecto surge en el presente ciclo en base a propuestas de investigaci\u00f3n que el Instituto Nacional de Formaci\u00f3n Docente (INFoD) ofrece a estudiantes y docentes de los ISFD.&nbsp;<\/p>\n\n\n\n<p>En esta oportunidad se vio la necesidad en llevar adelante una serie de acciones para dar cuenta de las experiencias significativas desarrolladas por docentes del \u00e1mbito rural del nivel inicial y primario durante la interrupci\u00f3n de la presencialidad por la Pandemia.&nbsp;<\/p>\n\n\n\n<p>Desde la instituci\u00f3n acompa\u00f1amos y felicitamos a estudiantes y docentes por el desaf\u00edo que llevan adelante dado que la investigaci\u00f3n sigue en curso.\u00a0<\/p>\n\n\n\n<figure class=\"wp-block-gallery has-nested-images columns-default is-cropped wp-block-gallery-1 is-layout-flex\">\n<figure class=\"wp-block-image size-large is-style-default\"><img decoding=\"async\" loading=\"lazy\" width=\"1080\" height=\"1080\" data-id=\"1700\"  src=\"https:\/\/isfd87-bue.infd.edu.ar\/sitio\/wp-content\/uploads\/2023\/02\/1-3.jpg\" alt=\"\" class=\"wp-image-1700\" srcset=\"https:\/\/isfd87-bue.infd.edu.ar\/sitio\/wp-content\/uploads\/2023\/02\/1-3.jpg 1080w, https:\/\/isfd87-bue.infd.edu.ar\/sitio\/wp-content\/uploads\/2023\/02\/1-3-1000x1000.jpg 1000w, https:\/\/isfd87-bue.infd.edu.ar\/sitio\/wp-content\/uploads\/2023\/02\/1-3-500x500.jpg 500w, https:\/\/isfd87-bue.infd.edu.ar\/sitio\/wp-content\/uploads\/2023\/02\/1-3-768x768.jpg 768w\" sizes=\"(max-width: 1080px) 100vw, 1080px\" \/><\/figure>\n\n\n\n<figure class=\"wp-block-image size-large is-style-default\"><img decoding=\"async\" loading=\"lazy\" width=\"1080\" height=\"1080\" data-id=\"1701\"  src=\"https:\/\/isfd87-bue.infd.edu.ar\/sitio\/wp-content\/uploads\/2023\/02\/2-3.jpg\" alt=\"\" class=\"wp-image-1701\" srcset=\"https:\/\/isfd87-bue.infd.edu.ar\/sitio\/wp-content\/uploads\/2023\/02\/2-3.jpg 1080w, https:\/\/isfd87-bue.infd.edu.ar\/sitio\/wp-content\/uploads\/2023\/02\/2-3-1000x1000.jpg 1000w, https:\/\/isfd87-bue.infd.edu.ar\/sitio\/wp-content\/uploads\/2023\/02\/2-3-500x500.jpg 500w, https:\/\/isfd87-bue.infd.edu.ar\/sitio\/wp-content\/uploads\/2023\/02\/2-3-768x768.jpg 768w\" sizes=\"(max-width: 1080px) 100vw, 1080px\" \/><\/figure>\n<\/figure>\n","protected":false},"excerpt":{"rendered":"<p>\u00a0Propuestas e intervenciones de docentes de los niveles inicial y primaria para garantizar la continuidad pedag\u00f3gica en el \u00e1mbito rural durante el aislamiento social. El caso del proyecto \u201cEscuelas del aire\u201d desarrollado en Ayacucho durante el 2020 El proyecto surge en el presente ciclo en base a propuestas de investigaci\u00f3n que el Instituto Nacional de &#8230; <a title=\"Proyecto de Investigaci\u00f3n\" class=\"read-more\" href=\"https:\/\/isfd87-bue.infd.edu.ar\/sitio\/proyecto-de-investigacion\/\" aria-label=\"More on Proyecto de Investigaci\u00f3n\">[+]<\/a><\/p>\n","protected":false},"author":23,"featured_media":0,"comment_status":"open","ping_status":"open","sticky":false,"template":"","format":"standard","meta":[],"categories":[1],"tags":[],"acf":[],"_links":{"self":[{"href":"https:\/\/isfd87-bue.infd.edu.ar\/sitio\/wp-json\/wp\/v2\/posts\/1699"}],"collection":[{"href":"https:\/\/isfd87-bue.infd.edu.ar\/sitio\/wp-json\/wp\/v2\/posts"}],"about":[{"href":"https:\/\/isfd87-bue.infd.edu.ar\/sitio\/wp-json\/wp\/v2\/types\/post"}],"author":[{"embeddable":true,"href":"https:\/\/isfd87-bue.infd.edu.ar\/sitio\/wp-json\/wp\/v2\/users\/23"}],"replies":[{"embeddable":true,"href":"https:\/\/isfd87-bue.infd.edu.ar\/sitio\/wp-json\/wp\/v2\/comments?post=1699"}],"version-history":[{"count":1,"href":"https:\/\/isfd87-bue.infd.edu.ar\/sitio\/wp-json\/wp\/v2\/posts\/1699\/revisions"}],"predecessor-version":[{"id":1702,"href":"https:\/\/isfd87-bue.infd.edu.ar\/sitio\/wp-json\/wp\/v2\/posts\/1699\/revisions\/1702"}],"wp:attachment":[{"href":"https:\/\/isfd87-bue.infd.edu.ar\/sitio\/wp-json\/wp\/v2\/media?parent=1699"}],"wp:term":[{"taxonomy":"category","embeddable":true,"href":"https:\/\/isfd87-bue.infd.edu.ar\/sitio\/wp-json\/wp\/v2\/categories?post=1699"},{"taxonomy":"post_tag","embeddable":true,"href":"https:\/\/isfd87-bue.infd.edu.ar\/sitio\/wp-json\/wp\/v2\/tags?post=1699"}],"curies":[{"name":"wp","href":"https:\/\/api.w.org\/{rel}","templated":true}]}}