{"id":980,"date":"2016-05-13T00:00:00","date_gmt":"2016-05-13T00:00:00","guid":{"rendered":"https:\/\/isfd87-bue.infd.edu.ar\/sitio\/convocatoria-a-tutores-de-matematica-ministerio-de-educacion\/"},"modified":"2016-05-13T00:00:00","modified_gmt":"2016-05-13T00:00:00","slug":"convocatoria-a-tutores-de-matematica-ministerio-de-educacion","status":"publish","type":"post","link":"https:\/\/isfd87-bue.infd.edu.ar\/sitio\/convocatoria-a-tutores-de-matematica-ministerio-de-educacion\/","title":{"rendered":"Convocatoria a tutores de matem\u00e1tica &#8211; Ministerio de Educaci\u00f3n"},"content":{"rendered":"<p class=\"sitio_noticia_volanta\" >Convocatoria a tutores de matem\u00e1tica &#8211; Ministerio de Educaci\u00f3n<\/p>\n<h3>Convocatoria a tutores de matem\u00e1tica &#8211; Ministerio de Educaci\u00f3n<\/h3>\n<p class=\"sitio_noticia_copete\" >\n<hr class=\"sitio_noticia_contenido\" \/>\n<p >\n<p style=\"text-align: justify;\"><span id=\"yui_3_16_0_ym19_1_1463143693098_4348\" style=\"font-family: verdana, geneva; font-size: 10pt;\" lang=\"ES-AR\">Estimado colega<\/span><\/p>\n<p style=\"text-align: justify;\"><span style=\"font-family: verdana, geneva; font-size: 10pt;\">Le escribimos desde el Instituto Nacional de Formaci&oacute;n Docente&nbsp;pues estamos buscando docentes de matem&aacute;tica para el cargo de tutor virtual para las Especializaciones Docentes de nivel&nbsp;superior en Ense&ntilde;anza de la Matem&aacute;tica para la Escuela Secundaria y para la Escuela Primaria.<\/span><\/p>\n<p style=\"text-align: justify;\"><span style=\"color: #009bdb; font-family: verdana, geneva; font-size: 10pt;\">Requisitos<\/span><\/p>\n<p style=\"text-align: justify;\"><span style=\"font-family: verdana, geneva; font-size: 10pt;\" lang=\"ES-AR\">&bull; <\/span><span style=\"font-family: verdana, geneva; font-size: 10pt;\" lang=\"ES-AR\">Profesional con t&iacute;tulo docente. Profesor\/a de Matem&aacute;tica, con buen manejo de la Did&aacute;ctica de la Matem&aacute;tica y de los prop&oacute;sitos y contenidos propuestos en los NAP.<\/span><\/p>\n<p style=\"text-align: justify;\"><span style=\"font-family: verdana, geneva; font-size: 10pt;\"><span lang=\"ES-AR\">&bull;&nbsp;<\/span><span lang=\"ES-AR\">Experiencia docente no inferior a cuatro a&ntilde;os en escuelas y\/o en nivel superior en el Profesorado de Matem&aacute;tica.<\/span><\/span><\/p>\n<p style=\"text-align: justify;\"><span style=\"font-family: verdana, geneva; font-size: 10pt;\"><span lang=\"ES-AR\">&bull;&nbsp;<\/span><span id=\"yui_3_16_0_ym19_1_1463143693098_4360\" lang=\"ES-AR\">Experiencia como capacitador y\/o como formador de formadores.<\/span><\/span><\/p>\n<p style=\"text-align: justify;\"><span style=\"font-family: verdana, geneva; font-size: 10pt;\"><span lang=\"ES-AR\">&bull;&nbsp;Ex<\/span><span lang=\"ES-AR\">periencia y\/o formaci&oacute;n en entornos virtuales de formaci&oacute;n (no excluyente)<\/span><\/span><\/p>\n<p style=\"text-align: justify;\"><span style=\"font-family: verdana, geneva; font-size: 10pt;\"><span lang=\"ES-AR\">&bull;&nbsp;<\/span><span lang=\"ES-AR\">Conocimiento de la plataforma e-ducativa o predisposici&oacute;n y compromiso para aprender a utilizarla en un breve lapso de tiempo.<\/span><\/span><\/p>\n<p style=\"text-align: justify;\"><span style=\"font-family: verdana, geneva; font-size: 10pt;\"><span lang=\"ES-AR\">&bull;&nbsp;<\/span><span id=\"yui_3_16_0_ym19_1_1463143693098_4365\" lang=\"ES-AR\">Solvencia en el manejo de herramientas inform&aacute;ticas (principalmente documentos\/herramientas en l&iacute;nea) y acceso a una buena conexi&oacute;n de internet.<\/span><\/span><\/p>\n<p style=\"text-align: justify;\"><span style=\"font-family: verdana, geneva; font-size: 10pt;\"><span lang=\"ES-AR\">&bull;&nbsp; <\/span><span lang=\"ES-AR\">Capacidad de trabajo en equipo.<\/span><\/span><\/p>\n<p style=\"text-align: justify;\"><span style=\"font-family: verdana, geneva; font-size: 10pt;\"><span lang=\"ES-AR\">&bull;&nbsp; <\/span><span lang=\"ES-AR\">Disponibilidad horaria para cumplimentar las tareas previstas.<\/span><\/span><\/p>\n<p style=\"text-align: justify;\"><span style=\"font-family: verdana, geneva; font-size: 10pt;\"><span lang=\"ES-AR\">&bull;&nbsp; <\/span><span lang=\"ES-AR\">Disponibilidad para concurrir a encuentros presenciales fuera de su lugar de residencia.<\/span><\/span><\/p>\n<p style=\"text-align: justify;\"><span style=\"font-family: verdana, geneva; font-size: 10pt;\">&nbsp;<\/span><span style=\"font-family: verdana, geneva; font-size: 10pt;\" lang=\"ES-AR\"><span style=\"text-decoration: underline;\"><span style=\"color: #0000ff;\">En este&nbsp;documento<\/span><\/span>&nbsp;encontrar&aacute; informaci&oacute;n&nbsp;donde se detalla tipo de contrataci&oacute;n, tareas a desarrollar y plazos del proceso de selecci&oacute;n:<\/span><\/p>\n<p style=\"text-align: justify;\"><span style=\"font-family: verdana, geneva; font-size: 8pt;\" lang=\"ES-AR\"><a rel=\"nofollow\" href=\"http:\/\/infd.e-ducativa.com\/sitio\/upload\/Convocatoria_tutores_2016_Matematica.pdf\" target=\"_blank\">http:\/\/infd.e-ducativa.com\/sitio\/upload\/Convocatoria_tutores_2016_Matematica.pdf<\/a><\/span><\/p>\n<p style=\"text-align: justify;\"><span style=\"font-family: verdana, geneva; font-size: 10pt;\"><span lang=\"ES-AR\">Si est&aacute; interesado\/a por favor complete el formulario de inscripci&oacute;n.<\/span><span lang=\"ES-AR\"><a rel=\"nofollow\" href=\"http:\/\/goo.gl\/forms\/WCDxbRenI2\" target=\"_blank\">http:\/\/goo.gl\/forms\/WCDxbRenI2<\/a>&nbsp;antes del 3 de junio del corriente.<\/span><\/span><\/p>\n<p style=\"text-align: justify;\"><span style=\"font-family: verdana, geneva; font-size: 10pt;\">Es importante que antes de completar el formulario revise los requerimientos detallados en el documento \u00abConvocatoria para cubrir el cargo de tutor virtual\u00bb<\/span><\/p>\n<p style=\"text-align: justify;\">&nbsp;<\/p>\n<p style=\"text-align: justify;\"><span style=\"font-family: verdana, geneva; font-size: 10pt;\">Muchas gracias,<\/span><\/p>\n<p style=\"text-align: justify;\"><span id=\"yui_3_16_0_ym19_1_1463143693098_4373\" style=\"font-family: verdana, geneva; font-size: 10pt;\" lang=\"ES-AR\">Equipo de Especializaci&oacute;n en Matem&aacute;tica<\/span><\/p><\/p>\n","protected":false},"excerpt":{"rendered":"<p>Convocatoria a tutores de matem\u00e1tica &#8211; Ministerio de Educaci\u00f3n Convocatoria a tutores de matem\u00e1tica &#8211; Ministerio de Educaci\u00f3n Estimado colega Le escribimos desde el Instituto Nacional de Formaci&oacute;n Docente&nbsp;pues estamos buscando docentes de matem&aacute;tica para el cargo de tutor virtual para las Especializaciones Docentes de nivel&nbsp;superior en Ense&ntilde;anza de la Matem&aacute;tica para la Escuela Secundaria &#8230; <a title=\"Convocatoria a tutores de matem\u00e1tica &#8211; Ministerio de Educaci\u00f3n\" class=\"read-more\" href=\"https:\/\/isfd87-bue.infd.edu.ar\/sitio\/convocatoria-a-tutores-de-matematica-ministerio-de-educacion\/\" aria-label=\"More on Convocatoria a tutores de matem\u00e1tica &#8211; Ministerio de Educaci\u00f3n\">[+]<\/a><\/p>\n","protected":false},"author":23,"featured_media":0,"comment_status":"open","ping_status":"open","sticky":false,"template":"","format":"standard","meta":[],"categories":[12,10],"tags":[],"acf":[],"_links":{"self":[{"href":"https:\/\/isfd87-bue.infd.edu.ar\/sitio\/wp-json\/wp\/v2\/posts\/980"}],"collection":[{"href":"https:\/\/isfd87-bue.infd.edu.ar\/sitio\/wp-json\/wp\/v2\/posts"}],"about":[{"href":"https:\/\/isfd87-bue.infd.edu.ar\/sitio\/wp-json\/wp\/v2\/types\/post"}],"author":[{"embeddable":true,"href":"https:\/\/isfd87-bue.infd.edu.ar\/sitio\/wp-json\/wp\/v2\/users\/23"}],"replies":[{"embeddable":true,"href":"https:\/\/isfd87-bue.infd.edu.ar\/sitio\/wp-json\/wp\/v2\/comments?post=980"}],"version-history":[{"count":0,"href":"https:\/\/isfd87-bue.infd.edu.ar\/sitio\/wp-json\/wp\/v2\/posts\/980\/revisions"}],"wp:attachment":[{"href":"https:\/\/isfd87-bue.infd.edu.ar\/sitio\/wp-json\/wp\/v2\/media?parent=980"}],"wp:term":[{"taxonomy":"category","embeddable":true,"href":"https:\/\/isfd87-bue.infd.edu.ar\/sitio\/wp-json\/wp\/v2\/categories?post=980"},{"taxonomy":"post_tag","embeddable":true,"href":"https:\/\/isfd87-bue.infd.edu.ar\/sitio\/wp-json\/wp\/v2\/tags?post=980"}],"curies":[{"name":"wp","href":"https:\/\/api.w.org\/{rel}","templated":true}]}}